{"id":965,"date":"2017-04-11T16:10:05","date_gmt":"2017-04-11T19:10:05","guid":{"rendered":"http:\/\/www.lautarowines.com\/es\/?p=965"},"modified":"2017-04-11T16:10:05","modified_gmt":"2017-04-11T19:10:05","slug":"seminario-internacional-comercio-justo","status":"publish","type":"post","link":"https:\/\/www.vinoslautaro.cl\/es\/news\/seminario-internacional-comercio-justo\/","title":{"rendered":"Seminario Internacional de Comercio Justo"},"content":{"rendered":"<p>En el marco de las celebraciones del 20 aniversario de Vinos Lautaro, se celebr\u00f3 en la ciudad de Curic\u00f3 un Seminario Internacional de Comercio Justo.<\/p>\n<p>En el evento tomaron parte m\u00e1s de 200 participantes, donde diferentes organizaciones de Comercio Justo tales como Oxfam, Voluntarios Belgas de Welerdwinkels, Fair Trade Finlandia, Vinos Lautaro, Apicoop y Coopeumo, expusieron sobre sus experiencias a la audiencia, para muchos de los cuales, era la primera vez que escuchaban hablar sobre Comercio Justo.<\/p>\n<p>Diversas autoridades atendieron el seminario y recibimos una carta de parte de la Presidenta de la Rep\u00fablica Michelle Bachelet, con motivo del 20 aniversario de nuestra organizaci\u00f3n.<\/p>\n<p>Estamos muy contentos de haber formado parte de esta actividad y continuaremos nuestros esfuerzos en la promoci\u00f3n del Comercio Justo.<\/p>\n","protected":false},"excerpt":{"rendered":"<p>En el marco de las celebraciones del 20 aniversario de Vinos Lautaro, se celebr\u00f3 en la ciudad de Curic\u00f3 un Seminario Internacional de Comercio Justo. En el evento tomaron parte m\u00e1s de 200 participantes, donde diferentes organizaciones de Comercio Justo tales como Oxfam, Voluntarios Belgas de Welerdwinkels, Fair Trade Finlandia, Vinos Lautaro, Apicoop y Coopeumo, [&hellip;]<\/p>\n","protected":false},"author":1,"featured_media":966,"comment_status":"closed","ping_status":"closed","sticky":false,"template":"","format":"standard","meta":{"footnotes":""},"categories":[13],"tags":[],"class_list":["post-965","post","type-post","status-publish","format-standard","has-post-thumbnail","hentry","category-news"],"yoast_head":"<!-- This site is optimized with the Yoast SEO plugin v25.5 - https:\/\/yoast.com\/wordpress\/plugins\/seo\/ -->\n<title>Seminario Internacional de Comercio Justo - Lautaro Wines<\/title>\n<meta name=\"robots\" content=\"index, follow, max-snippet:-1, max-image-preview:large, max-video-preview:-1\" \/>\n<link rel=\"canonical\" href=\"https:\/\/www.vinoslautaro.cl\/es\/news\/seminario-internacional-comercio-justo\/\" \/>\n<meta property=\"og:locale\" content=\"es_ES\" \/>\n<meta property=\"og:type\" content=\"article\" \/>\n<meta property=\"og:title\" content=\"Seminario Internacional de Comercio Justo - Lautaro Wines\" \/>\n<meta property=\"og:description\" content=\"En el marco de las celebraciones del 20 aniversario de Vinos Lautaro, se celebr\u00f3 en la ciudad de Curic\u00f3 un Seminario Internacional de Comercio Justo. En el evento tomaron parte m\u00e1s de 200 participantes, donde diferentes organizaciones de Comercio Justo tales como Oxfam, Voluntarios Belgas de Welerdwinkels, Fair Trade Finlandia, Vinos Lautaro, Apicoop y Coopeumo, [&hellip;]\" \/>\n<meta property=\"og:url\" content=\"https:\/\/www.vinoslautaro.cl\/es\/news\/seminario-internacional-comercio-justo\/\" \/>\n<meta property=\"og:site_name\" content=\"Lautaro Wines\" \/>\n<meta property=\"article:published_time\" content=\"2017-04-11T19:10:05+00:00\" \/>\n<meta property=\"og:image\" content=\"https:\/\/www.vinoslautaro.cl\/es\/wp-content\/uploads\/2017\/04\/Seminario-1-web.jpg\" \/>\n\t<meta property=\"og:image:width\" content=\"1200\" \/>\n\t<meta property=\"og:image:height\" content=\"600\" \/>\n\t<meta property=\"og:image:type\" content=\"image\/jpeg\" \/>\n<meta name=\"author\" content=\"Lautaro Wines\" \/>\n<meta name=\"twitter:card\" content=\"summary_large_image\" \/>\n<meta name=\"twitter:label1\" content=\"Escrito por\" \/>\n\t<meta name=\"twitter:data1\" content=\"Lautaro Wines\" \/>\n\t<meta name=\"twitter:label2\" content=\"Tiempo de lectura\" \/>\n\t<meta name=\"twitter:data2\" content=\"1 minuto\" \/>\n<script type=\"application\/ld+json\" class=\"yoast-schema-graph\">{\"@context\":\"https:\/\/schema.org\",\"@graph\":[{\"@type\":\"WebPage\",\"@id\":\"https:\/\/www.vinoslautaro.cl\/es\/news\/seminario-internacional-comercio-justo\/\",\"url\":\"https:\/\/www.vinoslautaro.cl\/es\/news\/seminario-internacional-comercio-justo\/\",\"name\":\"Seminario Internacional de Comercio Justo - Lautaro Wines\",\"isPartOf\":{\"@id\":\"https:\/\/www.vinoslautaro.cl\/es\/#website\"},\"primaryImageOfPage\":{\"@id\":\"https:\/\/www.vinoslautaro.cl\/es\/news\/seminario-internacional-comercio-justo\/#primaryimage\"},\"image\":{\"@id\":\"https:\/\/www.vinoslautaro.cl\/es\/news\/seminario-internacional-comercio-justo\/#primaryimage\"},\"thumbnailUrl\":\"https:\/\/www.vinoslautaro.cl\/es\/wp-content\/uploads\/2017\/04\/Seminario-1-web.jpg\",\"datePublished\":\"2017-04-11T19:10:05+00:00\",\"author\":{\"@id\":\"https:\/\/www.vinoslautaro.cl\/es\/#\/schema\/person\/6f2f3f95da0120a8fb4837e5ae85a946\"},\"breadcrumb\":{\"@id\":\"https:\/\/www.vinoslautaro.cl\/es\/news\/seminario-internacional-comercio-justo\/#breadcrumb\"},\"inLanguage\":\"es\",\"potentialAction\":[{\"@type\":\"ReadAction\",\"target\":[\"https:\/\/www.vinoslautaro.cl\/es\/news\/seminario-internacional-comercio-justo\/\"]}]},{\"@type\":\"ImageObject\",\"inLanguage\":\"es\",\"@id\":\"https:\/\/www.vinoslautaro.cl\/es\/news\/seminario-internacional-comercio-justo\/#primaryimage\",\"url\":\"https:\/\/www.vinoslautaro.cl\/es\/wp-content\/uploads\/2017\/04\/Seminario-1-web.jpg\",\"contentUrl\":\"https:\/\/www.vinoslautaro.cl\/es\/wp-content\/uploads\/2017\/04\/Seminario-1-web.jpg\",\"width\":1200,\"height\":600,\"caption\":\"Seminario Internacional Comercio Justo Curico\"},{\"@type\":\"BreadcrumbList\",\"@id\":\"https:\/\/www.vinoslautaro.cl\/es\/news\/seminario-internacional-comercio-justo\/#breadcrumb\",\"itemListElement\":[{\"@type\":\"ListItem\",\"position\":1,\"name\":\"Portada\",\"item\":\"https:\/\/www.vinoslautaro.cl\/es\/\"},{\"@type\":\"ListItem\",\"position\":2,\"name\":\"Seminario Internacional de Comercio Justo\"}]},{\"@type\":\"WebSite\",\"@id\":\"https:\/\/www.vinoslautaro.cl\/es\/#website\",\"url\":\"https:\/\/www.vinoslautaro.cl\/es\/\",\"name\":\"Lautaro Wines\",\"description\":\"\",\"potentialAction\":[{\"@type\":\"SearchAction\",\"target\":{\"@type\":\"EntryPoint\",\"urlTemplate\":\"https:\/\/www.vinoslautaro.cl\/es\/?s={search_term_string}\"},\"query-input\":{\"@type\":\"PropertyValueSpecification\",\"valueRequired\":true,\"valueName\":\"search_term_string\"}}],\"inLanguage\":\"es\"},{\"@type\":\"Person\",\"@id\":\"https:\/\/www.vinoslautaro.cl\/es\/#\/schema\/person\/6f2f3f95da0120a8fb4837e5ae85a946\",\"name\":\"Lautaro Wines\",\"url\":\"https:\/\/www.vinoslautaro.cl\/es\/author\/lwc-admin\/\"}]}<\/script>\n<!-- \/ Yoast SEO plugin. -->","yoast_head_json":{"title":"Seminario Internacional de Comercio Justo - Lautaro Wines","robots":{"index":"index","follow":"follow","max-snippet":"max-snippet:-1","max-image-preview":"max-image-preview:large","max-video-preview":"max-video-preview:-1"},"canonical":"https:\/\/www.vinoslautaro.cl\/es\/news\/seminario-internacional-comercio-justo\/","og_locale":"es_ES","og_type":"article","og_title":"Seminario Internacional de Comercio Justo - Lautaro Wines","og_description":"En el marco de las celebraciones del 20 aniversario de Vinos Lautaro, se celebr\u00f3 en la ciudad de Curic\u00f3 un Seminario Internacional de Comercio Justo. En el evento tomaron parte m\u00e1s de 200 participantes, donde diferentes organizaciones de Comercio Justo tales como Oxfam, Voluntarios Belgas de Welerdwinkels, Fair Trade Finlandia, Vinos Lautaro, Apicoop y Coopeumo, [&hellip;]","og_url":"https:\/\/www.vinoslautaro.cl\/es\/news\/seminario-internacional-comercio-justo\/","og_site_name":"Lautaro Wines","article_published_time":"2017-04-11T19:10:05+00:00","og_image":[{"width":1200,"height":600,"url":"https:\/\/www.vinoslautaro.cl\/es\/wp-content\/uploads\/2017\/04\/Seminario-1-web.jpg","type":"image\/jpeg"}],"author":"Lautaro Wines","twitter_card":"summary_large_image","twitter_misc":{"Escrito por":"Lautaro Wines","Tiempo de lectura":"1 minuto"},"schema":{"@context":"https:\/\/schema.org","@graph":[{"@type":"WebPage","@id":"https:\/\/www.vinoslautaro.cl\/es\/news\/seminario-internacional-comercio-justo\/","url":"https:\/\/www.vinoslautaro.cl\/es\/news\/seminario-internacional-comercio-justo\/","name":"Seminario Internacional de Comercio Justo - Lautaro Wines","isPartOf":{"@id":"https:\/\/www.vinoslautaro.cl\/es\/#website"},"primaryImageOfPage":{"@id":"https:\/\/www.vinoslautaro.cl\/es\/news\/seminario-internacional-comercio-justo\/#primaryimage"},"image":{"@id":"https:\/\/www.vinoslautaro.cl\/es\/news\/seminario-internacional-comercio-justo\/#primaryimage"},"thumbnailUrl":"https:\/\/www.vinoslautaro.cl\/es\/wp-content\/uploads\/2017\/04\/Seminario-1-web.jpg","datePublished":"2017-04-11T19:10:05+00:00","author":{"@id":"https:\/\/www.vinoslautaro.cl\/es\/#\/schema\/person\/6f2f3f95da0120a8fb4837e5ae85a946"},"breadcrumb":{"@id":"https:\/\/www.vinoslautaro.cl\/es\/news\/seminario-internacional-comercio-justo\/#breadcrumb"},"inLanguage":"es","potentialAction":[{"@type":"ReadAction","target":["https:\/\/www.vinoslautaro.cl\/es\/news\/seminario-internacional-comercio-justo\/"]}]},{"@type":"ImageObject","inLanguage":"es","@id":"https:\/\/www.vinoslautaro.cl\/es\/news\/seminario-internacional-comercio-justo\/#primaryimage","url":"https:\/\/www.vinoslautaro.cl\/es\/wp-content\/uploads\/2017\/04\/Seminario-1-web.jpg","contentUrl":"https:\/\/www.vinoslautaro.cl\/es\/wp-content\/uploads\/2017\/04\/Seminario-1-web.jpg","width":1200,"height":600,"caption":"Seminario Internacional Comercio Justo Curico"},{"@type":"BreadcrumbList","@id":"https:\/\/www.vinoslautaro.cl\/es\/news\/seminario-internacional-comercio-justo\/#breadcrumb","itemListElement":[{"@type":"ListItem","position":1,"name":"Portada","item":"https:\/\/www.vinoslautaro.cl\/es\/"},{"@type":"ListItem","position":2,"name":"Seminario Internacional de Comercio Justo"}]},{"@type":"WebSite","@id":"https:\/\/www.vinoslautaro.cl\/es\/#website","url":"https:\/\/www.vinoslautaro.cl\/es\/","name":"Lautaro Wines","description":"","potentialAction":[{"@type":"SearchAction","target":{"@type":"EntryPoint","urlTemplate":"https:\/\/www.vinoslautaro.cl\/es\/?s={search_term_string}"},"query-input":{"@type":"PropertyValueSpecification","valueRequired":true,"valueName":"search_term_string"}}],"inLanguage":"es"},{"@type":"Person","@id":"https:\/\/www.vinoslautaro.cl\/es\/#\/schema\/person\/6f2f3f95da0120a8fb4837e5ae85a946","name":"Lautaro Wines","url":"https:\/\/www.vinoslautaro.cl\/es\/author\/lwc-admin\/"}]}},"_links":{"self":[{"href":"https:\/\/www.vinoslautaro.cl\/es\/wp-json\/wp\/v2\/posts\/965","targetHints":{"allow":["GET"]}}],"collection":[{"href":"https:\/\/www.vinoslautaro.cl\/es\/wp-json\/wp\/v2\/posts"}],"about":[{"href":"https:\/\/www.vinoslautaro.cl\/es\/wp-json\/wp\/v2\/types\/post"}],"author":[{"embeddable":true,"href":"https:\/\/www.vinoslautaro.cl\/es\/wp-json\/wp\/v2\/users\/1"}],"replies":[{"embeddable":true,"href":"https:\/\/www.vinoslautaro.cl\/es\/wp-json\/wp\/v2\/comments?post=965"}],"version-history":[{"count":1,"href":"https:\/\/www.vinoslautaro.cl\/es\/wp-json\/wp\/v2\/posts\/965\/revisions"}],"predecessor-version":[{"id":967,"href":"https:\/\/www.vinoslautaro.cl\/es\/wp-json\/wp\/v2\/posts\/965\/revisions\/967"}],"wp:featuredmedia":[{"embeddable":true,"href":"https:\/\/www.vinoslautaro.cl\/es\/wp-json\/wp\/v2\/media\/966"}],"wp:attachment":[{"href":"https:\/\/www.vinoslautaro.cl\/es\/wp-json\/wp\/v2\/media?parent=965"}],"wp:term":[{"taxonomy":"category","embeddable":true,"href":"https:\/\/www.vinoslautaro.cl\/es\/wp-json\/wp\/v2\/categories?post=965"},{"taxonomy":"post_tag","embeddable":true,"href":"https:\/\/www.vinoslautaro.cl\/es\/wp-json\/wp\/v2\/tags?post=965"}],"curies":[{"name":"wp","href":"https:\/\/api.w.org\/{rel}","templated":true}]}}