{"id":338,"date":"2016-09-18T19:27:04","date_gmt":"2016-09-18T22:27:04","guid":{"rendered":"http:\/\/www.lautarowines.com\/?p=338"},"modified":"2016-09-23T15:01:05","modified_gmt":"2016-09-23T18:01:05","slug":"publicacion-en-revista-europea-weltladen","status":"publish","type":"post","link":"https:\/\/www.vinoslautaro.cl\/es\/news\/publicacion-en-revista-europea-weltladen\/","title":{"rendered":"Publicaci\u00f3n en revista Europea Weltladen"},"content":{"rendered":"<div class=\"wpb-content-wrapper\"><p>[vc_row][vc_column][vc_column_text]La revista de las tiendas de Comercio Justo en Alemania y Austria, Weltladen, public\u00f3 en su primera edici\u00f3n del 2016 un extenso art\u00edculo sobre Vinos Lautaro, mencionando nuestra historia, presente y desaf\u00edos.<br \/>\nEn su portada aparece nuestro Gerente General, Sr. Ra\u00fal Navarrete.<br \/>\nLa empresa GEPA es quien importa y distribuye nuestros vinos en Alemania, mientras EZA nos distribuye en Austria.[\/vc_column_text][\/vc_column][\/vc_row]<\/p>\n<\/div>","protected":false},"excerpt":{"rendered":"<p>[vc_row][vc_column][vc_column_text]La revista de las tiendas de Comercio Justo en Alemania y Austria, Weltladen, public\u00f3 en su primera edici\u00f3n del 2016 un extenso art\u00edculo sobre Vinos Lautaro, mencionando nuestra historia, presente y desaf\u00edos. En su portada aparece nuestro Gerente General, Sr. Ra\u00fal Navarrete. La empresa GEPA es quien importa y distribuye nuestros vinos en Alemania, mientras [&hellip;]<\/p>\n","protected":false},"author":1,"featured_media":677,"comment_status":"closed","ping_status":"closed","sticky":false,"template":"","format":"standard","meta":{"footnotes":""},"categories":[13],"tags":[],"class_list":["post-338","post","type-post","status-publish","format-standard","has-post-thumbnail","hentry","category-news"],"yoast_head":"<!-- This site is optimized with the Yoast SEO plugin v25.5 - https:\/\/yoast.com\/wordpress\/plugins\/seo\/ -->\n<title>Publicaci\u00f3n en revista Europea Weltladen - Lautaro Wines<\/title>\n<meta name=\"robots\" content=\"index, follow, max-snippet:-1, max-image-preview:large, max-video-preview:-1\" \/>\n<link rel=\"canonical\" href=\"https:\/\/www.vinoslautaro.cl\/es\/news\/publicacion-en-revista-europea-weltladen\/\" \/>\n<meta property=\"og:locale\" content=\"es_ES\" \/>\n<meta property=\"og:type\" content=\"article\" \/>\n<meta property=\"og:title\" content=\"Publicaci\u00f3n en revista Europea Weltladen - Lautaro Wines\" \/>\n<meta property=\"og:description\" content=\"[vc_row][vc_column][vc_column_text]La revista de las tiendas de Comercio Justo en Alemania y Austria, Weltladen, public\u00f3 en su primera edici\u00f3n del 2016 un extenso art\u00edculo sobre Vinos Lautaro, mencionando nuestra historia, presente y desaf\u00edos. En su portada aparece nuestro Gerente General, Sr. Ra\u00fal Navarrete. La empresa GEPA es quien importa y distribuye nuestros vinos en Alemania, mientras [&hellip;]\" \/>\n<meta property=\"og:url\" content=\"https:\/\/www.vinoslautaro.cl\/es\/news\/publicacion-en-revista-europea-weltladen\/\" \/>\n<meta property=\"og:site_name\" content=\"Lautaro Wines\" \/>\n<meta property=\"article:published_time\" content=\"2016-09-18T22:27:04+00:00\" \/>\n<meta property=\"article:modified_time\" content=\"2016-09-23T18:01:05+00:00\" \/>\n<meta property=\"og:image\" content=\"https:\/\/www.vinoslautaro.cl\/es\/wp-content\/uploads\/2016\/07\/New-Weltland.jpg\" \/>\n\t<meta property=\"og:image:width\" content=\"800\" \/>\n\t<meta property=\"og:image:height\" content=\"600\" \/>\n\t<meta property=\"og:image:type\" content=\"image\/jpeg\" \/>\n<meta name=\"author\" content=\"Lautaro Wines\" \/>\n<meta name=\"twitter:card\" content=\"summary_large_image\" \/>\n<meta name=\"twitter:label1\" content=\"Escrito por\" \/>\n\t<meta name=\"twitter:data1\" content=\"Lautaro Wines\" \/>\n<script type=\"application\/ld+json\" class=\"yoast-schema-graph\">{\"@context\":\"https:\/\/schema.org\",\"@graph\":[{\"@type\":\"WebPage\",\"@id\":\"https:\/\/www.vinoslautaro.cl\/es\/news\/publicacion-en-revista-europea-weltladen\/\",\"url\":\"https:\/\/www.vinoslautaro.cl\/es\/news\/publicacion-en-revista-europea-weltladen\/\",\"name\":\"Publicaci\u00f3n en revista Europea Weltladen - Lautaro Wines\",\"isPartOf\":{\"@id\":\"https:\/\/www.vinoslautaro.cl\/es\/#website\"},\"primaryImageOfPage\":{\"@id\":\"https:\/\/www.vinoslautaro.cl\/es\/news\/publicacion-en-revista-europea-weltladen\/#primaryimage\"},\"image\":{\"@id\":\"https:\/\/www.vinoslautaro.cl\/es\/news\/publicacion-en-revista-europea-weltladen\/#primaryimage\"},\"thumbnailUrl\":\"https:\/\/www.vinoslautaro.cl\/es\/wp-content\/uploads\/2016\/07\/New-Weltland.jpg\",\"datePublished\":\"2016-09-18T22:27:04+00:00\",\"dateModified\":\"2016-09-23T18:01:05+00:00\",\"author\":{\"@id\":\"https:\/\/www.vinoslautaro.cl\/es\/#\/schema\/person\/6f2f3f95da0120a8fb4837e5ae85a946\"},\"breadcrumb\":{\"@id\":\"https:\/\/www.vinoslautaro.cl\/es\/news\/publicacion-en-revista-europea-weltladen\/#breadcrumb\"},\"inLanguage\":\"es\",\"potentialAction\":[{\"@type\":\"ReadAction\",\"target\":[\"https:\/\/www.vinoslautaro.cl\/es\/news\/publicacion-en-revista-europea-weltladen\/\"]}]},{\"@type\":\"ImageObject\",\"inLanguage\":\"es\",\"@id\":\"https:\/\/www.vinoslautaro.cl\/es\/news\/publicacion-en-revista-europea-weltladen\/#primaryimage\",\"url\":\"https:\/\/www.vinoslautaro.cl\/es\/wp-content\/uploads\/2016\/07\/New-Weltland.jpg\",\"contentUrl\":\"https:\/\/www.vinoslautaro.cl\/es\/wp-content\/uploads\/2016\/07\/New-Weltland.jpg\",\"width\":800,\"height\":600,\"caption\":\"Weltland\"},{\"@type\":\"BreadcrumbList\",\"@id\":\"https:\/\/www.vinoslautaro.cl\/es\/news\/publicacion-en-revista-europea-weltladen\/#breadcrumb\",\"itemListElement\":[{\"@type\":\"ListItem\",\"position\":1,\"name\":\"Portada\",\"item\":\"https:\/\/www.vinoslautaro.cl\/es\/\"},{\"@type\":\"ListItem\",\"position\":2,\"name\":\"Publicaci\u00f3n en revista Europea Weltladen\"}]},{\"@type\":\"WebSite\",\"@id\":\"https:\/\/www.vinoslautaro.cl\/es\/#website\",\"url\":\"https:\/\/www.vinoslautaro.cl\/es\/\",\"name\":\"Lautaro Wines\",\"description\":\"\",\"potentialAction\":[{\"@type\":\"SearchAction\",\"target\":{\"@type\":\"EntryPoint\",\"urlTemplate\":\"https:\/\/www.vinoslautaro.cl\/es\/?s={search_term_string}\"},\"query-input\":{\"@type\":\"PropertyValueSpecification\",\"valueRequired\":true,\"valueName\":\"search_term_string\"}}],\"inLanguage\":\"es\"},{\"@type\":\"Person\",\"@id\":\"https:\/\/www.vinoslautaro.cl\/es\/#\/schema\/person\/6f2f3f95da0120a8fb4837e5ae85a946\",\"name\":\"Lautaro Wines\",\"url\":\"https:\/\/www.vinoslautaro.cl\/es\/author\/lwc-admin\/\"}]}<\/script>\n<!-- \/ Yoast SEO plugin. -->","yoast_head_json":{"title":"Publicaci\u00f3n en revista Europea Weltladen - Lautaro Wines","robots":{"index":"index","follow":"follow","max-snippet":"max-snippet:-1","max-image-preview":"max-image-preview:large","max-video-preview":"max-video-preview:-1"},"canonical":"https:\/\/www.vinoslautaro.cl\/es\/news\/publicacion-en-revista-europea-weltladen\/","og_locale":"es_ES","og_type":"article","og_title":"Publicaci\u00f3n en revista Europea Weltladen - Lautaro Wines","og_description":"[vc_row][vc_column][vc_column_text]La revista de las tiendas de Comercio Justo en Alemania y Austria, Weltladen, public\u00f3 en su primera edici\u00f3n del 2016 un extenso art\u00edculo sobre Vinos Lautaro, mencionando nuestra historia, presente y desaf\u00edos. En su portada aparece nuestro Gerente General, Sr. Ra\u00fal Navarrete. La empresa GEPA es quien importa y distribuye nuestros vinos en Alemania, mientras [&hellip;]","og_url":"https:\/\/www.vinoslautaro.cl\/es\/news\/publicacion-en-revista-europea-weltladen\/","og_site_name":"Lautaro Wines","article_published_time":"2016-09-18T22:27:04+00:00","article_modified_time":"2016-09-23T18:01:05+00:00","og_image":[{"width":800,"height":600,"url":"https:\/\/www.vinoslautaro.cl\/es\/wp-content\/uploads\/2016\/07\/New-Weltland.jpg","type":"image\/jpeg"}],"author":"Lautaro Wines","twitter_card":"summary_large_image","twitter_misc":{"Escrito por":"Lautaro Wines"},"schema":{"@context":"https:\/\/schema.org","@graph":[{"@type":"WebPage","@id":"https:\/\/www.vinoslautaro.cl\/es\/news\/publicacion-en-revista-europea-weltladen\/","url":"https:\/\/www.vinoslautaro.cl\/es\/news\/publicacion-en-revista-europea-weltladen\/","name":"Publicaci\u00f3n en revista Europea Weltladen - Lautaro Wines","isPartOf":{"@id":"https:\/\/www.vinoslautaro.cl\/es\/#website"},"primaryImageOfPage":{"@id":"https:\/\/www.vinoslautaro.cl\/es\/news\/publicacion-en-revista-europea-weltladen\/#primaryimage"},"image":{"@id":"https:\/\/www.vinoslautaro.cl\/es\/news\/publicacion-en-revista-europea-weltladen\/#primaryimage"},"thumbnailUrl":"https:\/\/www.vinoslautaro.cl\/es\/wp-content\/uploads\/2016\/07\/New-Weltland.jpg","datePublished":"2016-09-18T22:27:04+00:00","dateModified":"2016-09-23T18:01:05+00:00","author":{"@id":"https:\/\/www.vinoslautaro.cl\/es\/#\/schema\/person\/6f2f3f95da0120a8fb4837e5ae85a946"},"breadcrumb":{"@id":"https:\/\/www.vinoslautaro.cl\/es\/news\/publicacion-en-revista-europea-weltladen\/#breadcrumb"},"inLanguage":"es","potentialAction":[{"@type":"ReadAction","target":["https:\/\/www.vinoslautaro.cl\/es\/news\/publicacion-en-revista-europea-weltladen\/"]}]},{"@type":"ImageObject","inLanguage":"es","@id":"https:\/\/www.vinoslautaro.cl\/es\/news\/publicacion-en-revista-europea-weltladen\/#primaryimage","url":"https:\/\/www.vinoslautaro.cl\/es\/wp-content\/uploads\/2016\/07\/New-Weltland.jpg","contentUrl":"https:\/\/www.vinoslautaro.cl\/es\/wp-content\/uploads\/2016\/07\/New-Weltland.jpg","width":800,"height":600,"caption":"Weltland"},{"@type":"BreadcrumbList","@id":"https:\/\/www.vinoslautaro.cl\/es\/news\/publicacion-en-revista-europea-weltladen\/#breadcrumb","itemListElement":[{"@type":"ListItem","position":1,"name":"Portada","item":"https:\/\/www.vinoslautaro.cl\/es\/"},{"@type":"ListItem","position":2,"name":"Publicaci\u00f3n en revista Europea Weltladen"}]},{"@type":"WebSite","@id":"https:\/\/www.vinoslautaro.cl\/es\/#website","url":"https:\/\/www.vinoslautaro.cl\/es\/","name":"Lautaro Wines","description":"","potentialAction":[{"@type":"SearchAction","target":{"@type":"EntryPoint","urlTemplate":"https:\/\/www.vinoslautaro.cl\/es\/?s={search_term_string}"},"query-input":{"@type":"PropertyValueSpecification","valueRequired":true,"valueName":"search_term_string"}}],"inLanguage":"es"},{"@type":"Person","@id":"https:\/\/www.vinoslautaro.cl\/es\/#\/schema\/person\/6f2f3f95da0120a8fb4837e5ae85a946","name":"Lautaro Wines","url":"https:\/\/www.vinoslautaro.cl\/es\/author\/lwc-admin\/"}]}},"_links":{"self":[{"href":"https:\/\/www.vinoslautaro.cl\/es\/wp-json\/wp\/v2\/posts\/338","targetHints":{"allow":["GET"]}}],"collection":[{"href":"https:\/\/www.vinoslautaro.cl\/es\/wp-json\/wp\/v2\/posts"}],"about":[{"href":"https:\/\/www.vinoslautaro.cl\/es\/wp-json\/wp\/v2\/types\/post"}],"author":[{"embeddable":true,"href":"https:\/\/www.vinoslautaro.cl\/es\/wp-json\/wp\/v2\/users\/1"}],"replies":[{"embeddable":true,"href":"https:\/\/www.vinoslautaro.cl\/es\/wp-json\/wp\/v2\/comments?post=338"}],"version-history":[{"count":5,"href":"https:\/\/www.vinoslautaro.cl\/es\/wp-json\/wp\/v2\/posts\/338\/revisions"}],"predecessor-version":[{"id":679,"href":"https:\/\/www.vinoslautaro.cl\/es\/wp-json\/wp\/v2\/posts\/338\/revisions\/679"}],"wp:featuredmedia":[{"embeddable":true,"href":"https:\/\/www.vinoslautaro.cl\/es\/wp-json\/wp\/v2\/media\/677"}],"wp:attachment":[{"href":"https:\/\/www.vinoslautaro.cl\/es\/wp-json\/wp\/v2\/media?parent=338"}],"wp:term":[{"taxonomy":"category","embeddable":true,"href":"https:\/\/www.vinoslautaro.cl\/es\/wp-json\/wp\/v2\/categories?post=338"},{"taxonomy":"post_tag","embeddable":true,"href":"https:\/\/www.vinoslautaro.cl\/es\/wp-json\/wp\/v2\/tags?post=338"}],"curies":[{"name":"wp","href":"https:\/\/api.w.org\/{rel}","templated":true}]}}