{"id":1009,"date":"2017-09-08T12:36:51","date_gmt":"2017-09-08T15:36:51","guid":{"rendered":"http:\/\/www.lautarowines.com\/es\/?p=1009"},"modified":"2017-09-08T12:36:51","modified_gmt":"2017-09-08T15:36:51","slug":"reconocimiento-exportador-destacado-la-region-del-maule-2017","status":"publish","type":"post","link":"https:\/\/www.vinoslautaro.cl\/es\/news\/reconocimiento-exportador-destacado-la-region-del-maule-2017\/","title":{"rendered":"Reconocimiento como Exportador destacado de la regi\u00f3n del Maule el 2017"},"content":{"rendered":"<p>Con gran alegr\u00eda recibimos el reconocimiento que ProChile le otorg\u00f3 a Vinos Lautaro como \u00abExportador destacado de la regi\u00f3n del Maule en el 2017\u00bb.<\/p>\n<p>El reconocimiento nos fue entregado en una ceremonia en la feria ENEXPRO, por la Presidente de la Rep\u00fablica de Chile Michelle Bachelet.<\/p>\n","protected":false},"excerpt":{"rendered":"<p>Con gran alegr\u00eda recibimos el reconocimiento que ProChile le otorg\u00f3 a Vinos Lautaro como \u00abExportador destacado de la regi\u00f3n del Maule en el 2017\u00bb. El reconocimiento nos fue entregado en una ceremonia en la feria ENEXPRO, por la Presidente de la Rep\u00fablica de Chile Michelle Bachelet.<\/p>\n","protected":false},"author":1,"featured_media":1010,"comment_status":"closed","ping_status":"closed","sticky":false,"template":"","format":"standard","meta":{"footnotes":""},"categories":[13],"tags":[],"class_list":["post-1009","post","type-post","status-publish","format-standard","has-post-thumbnail","hentry","category-news"],"yoast_head":"<!-- This site is optimized with the Yoast SEO plugin v25.5 - https:\/\/yoast.com\/wordpress\/plugins\/seo\/ -->\n<title>Reconocimiento como Exportador destacado de la regi\u00f3n del Maule el 2017 - Lautaro Wines<\/title>\n<meta name=\"robots\" content=\"index, follow, max-snippet:-1, max-image-preview:large, max-video-preview:-1\" \/>\n<link rel=\"canonical\" href=\"https:\/\/www.vinoslautaro.cl\/es\/news\/reconocimiento-exportador-destacado-la-region-del-maule-2017\/\" \/>\n<meta property=\"og:locale\" content=\"es_ES\" \/>\n<meta property=\"og:type\" content=\"article\" \/>\n<meta property=\"og:title\" content=\"Reconocimiento como Exportador destacado de la regi\u00f3n del Maule el 2017 - Lautaro Wines\" \/>\n<meta property=\"og:description\" content=\"Con gran alegr\u00eda recibimos el reconocimiento que ProChile le otorg\u00f3 a Vinos Lautaro como \u00abExportador destacado de la regi\u00f3n del Maule en el 2017\u00bb. El reconocimiento nos fue entregado en una ceremonia en la feria ENEXPRO, por la Presidente de la Rep\u00fablica de Chile Michelle Bachelet.\" \/>\n<meta property=\"og:url\" content=\"https:\/\/www.vinoslautaro.cl\/es\/news\/reconocimiento-exportador-destacado-la-region-del-maule-2017\/\" \/>\n<meta property=\"og:site_name\" content=\"Lautaro Wines\" \/>\n<meta property=\"article:published_time\" content=\"2017-09-08T15:36:51+00:00\" \/>\n<meta property=\"og:image\" content=\"https:\/\/www.vinoslautaro.cl\/es\/wp-content\/uploads\/2017\/09\/Foto-Enexpro-Pag-web.jpg\" \/>\n\t<meta property=\"og:image:width\" content=\"1200\" \/>\n\t<meta property=\"og:image:height\" content=\"600\" \/>\n\t<meta property=\"og:image:type\" content=\"image\/jpeg\" \/>\n<meta name=\"author\" content=\"Lautaro Wines\" \/>\n<meta name=\"twitter:card\" content=\"summary_large_image\" \/>\n<meta name=\"twitter:label1\" content=\"Escrito por\" \/>\n\t<meta name=\"twitter:data1\" content=\"Lautaro Wines\" \/>\n<script type=\"application\/ld+json\" class=\"yoast-schema-graph\">{\"@context\":\"https:\/\/schema.org\",\"@graph\":[{\"@type\":\"WebPage\",\"@id\":\"https:\/\/www.vinoslautaro.cl\/es\/news\/reconocimiento-exportador-destacado-la-region-del-maule-2017\/\",\"url\":\"https:\/\/www.vinoslautaro.cl\/es\/news\/reconocimiento-exportador-destacado-la-region-del-maule-2017\/\",\"name\":\"Reconocimiento como Exportador destacado de la regi\u00f3n del Maule el 2017 - Lautaro Wines\",\"isPartOf\":{\"@id\":\"https:\/\/www.vinoslautaro.cl\/es\/#website\"},\"primaryImageOfPage\":{\"@id\":\"https:\/\/www.vinoslautaro.cl\/es\/news\/reconocimiento-exportador-destacado-la-region-del-maule-2017\/#primaryimage\"},\"image\":{\"@id\":\"https:\/\/www.vinoslautaro.cl\/es\/news\/reconocimiento-exportador-destacado-la-region-del-maule-2017\/#primaryimage\"},\"thumbnailUrl\":\"https:\/\/www.vinoslautaro.cl\/es\/wp-content\/uploads\/2017\/09\/Foto-Enexpro-Pag-web.jpg\",\"datePublished\":\"2017-09-08T15:36:51+00:00\",\"author\":{\"@id\":\"https:\/\/www.vinoslautaro.cl\/es\/#\/schema\/person\/6f2f3f95da0120a8fb4837e5ae85a946\"},\"breadcrumb\":{\"@id\":\"https:\/\/www.vinoslautaro.cl\/es\/news\/reconocimiento-exportador-destacado-la-region-del-maule-2017\/#breadcrumb\"},\"inLanguage\":\"es\",\"potentialAction\":[{\"@type\":\"ReadAction\",\"target\":[\"https:\/\/www.vinoslautaro.cl\/es\/news\/reconocimiento-exportador-destacado-la-region-del-maule-2017\/\"]}]},{\"@type\":\"ImageObject\",\"inLanguage\":\"es\",\"@id\":\"https:\/\/www.vinoslautaro.cl\/es\/news\/reconocimiento-exportador-destacado-la-region-del-maule-2017\/#primaryimage\",\"url\":\"https:\/\/www.vinoslautaro.cl\/es\/wp-content\/uploads\/2017\/09\/Foto-Enexpro-Pag-web.jpg\",\"contentUrl\":\"https:\/\/www.vinoslautaro.cl\/es\/wp-content\/uploads\/2017\/09\/Foto-Enexpro-Pag-web.jpg\",\"width\":1200,\"height\":600,\"caption\":\"Lautaro ProChile Exexpro 2017 exportador destacado maule\"},{\"@type\":\"BreadcrumbList\",\"@id\":\"https:\/\/www.vinoslautaro.cl\/es\/news\/reconocimiento-exportador-destacado-la-region-del-maule-2017\/#breadcrumb\",\"itemListElement\":[{\"@type\":\"ListItem\",\"position\":1,\"name\":\"Portada\",\"item\":\"https:\/\/www.vinoslautaro.cl\/es\/\"},{\"@type\":\"ListItem\",\"position\":2,\"name\":\"Reconocimiento como Exportador destacado de la regi\u00f3n del Maule el 2017\"}]},{\"@type\":\"WebSite\",\"@id\":\"https:\/\/www.vinoslautaro.cl\/es\/#website\",\"url\":\"https:\/\/www.vinoslautaro.cl\/es\/\",\"name\":\"Lautaro Wines\",\"description\":\"\",\"potentialAction\":[{\"@type\":\"SearchAction\",\"target\":{\"@type\":\"EntryPoint\",\"urlTemplate\":\"https:\/\/www.vinoslautaro.cl\/es\/?s={search_term_string}\"},\"query-input\":{\"@type\":\"PropertyValueSpecification\",\"valueRequired\":true,\"valueName\":\"search_term_string\"}}],\"inLanguage\":\"es\"},{\"@type\":\"Person\",\"@id\":\"https:\/\/www.vinoslautaro.cl\/es\/#\/schema\/person\/6f2f3f95da0120a8fb4837e5ae85a946\",\"name\":\"Lautaro Wines\",\"url\":\"https:\/\/www.vinoslautaro.cl\/es\/author\/lwc-admin\/\"}]}<\/script>\n<!-- \/ Yoast SEO plugin. -->","yoast_head_json":{"title":"Reconocimiento como Exportador destacado de la regi\u00f3n del Maule el 2017 - Lautaro Wines","robots":{"index":"index","follow":"follow","max-snippet":"max-snippet:-1","max-image-preview":"max-image-preview:large","max-video-preview":"max-video-preview:-1"},"canonical":"https:\/\/www.vinoslautaro.cl\/es\/news\/reconocimiento-exportador-destacado-la-region-del-maule-2017\/","og_locale":"es_ES","og_type":"article","og_title":"Reconocimiento como Exportador destacado de la regi\u00f3n del Maule el 2017 - Lautaro Wines","og_description":"Con gran alegr\u00eda recibimos el reconocimiento que ProChile le otorg\u00f3 a Vinos Lautaro como \u00abExportador destacado de la regi\u00f3n del Maule en el 2017\u00bb. El reconocimiento nos fue entregado en una ceremonia en la feria ENEXPRO, por la Presidente de la Rep\u00fablica de Chile Michelle Bachelet.","og_url":"https:\/\/www.vinoslautaro.cl\/es\/news\/reconocimiento-exportador-destacado-la-region-del-maule-2017\/","og_site_name":"Lautaro Wines","article_published_time":"2017-09-08T15:36:51+00:00","og_image":[{"width":1200,"height":600,"url":"https:\/\/www.vinoslautaro.cl\/es\/wp-content\/uploads\/2017\/09\/Foto-Enexpro-Pag-web.jpg","type":"image\/jpeg"}],"author":"Lautaro Wines","twitter_card":"summary_large_image","twitter_misc":{"Escrito por":"Lautaro Wines"},"schema":{"@context":"https:\/\/schema.org","@graph":[{"@type":"WebPage","@id":"https:\/\/www.vinoslautaro.cl\/es\/news\/reconocimiento-exportador-destacado-la-region-del-maule-2017\/","url":"https:\/\/www.vinoslautaro.cl\/es\/news\/reconocimiento-exportador-destacado-la-region-del-maule-2017\/","name":"Reconocimiento como Exportador destacado de la regi\u00f3n del Maule el 2017 - Lautaro Wines","isPartOf":{"@id":"https:\/\/www.vinoslautaro.cl\/es\/#website"},"primaryImageOfPage":{"@id":"https:\/\/www.vinoslautaro.cl\/es\/news\/reconocimiento-exportador-destacado-la-region-del-maule-2017\/#primaryimage"},"image":{"@id":"https:\/\/www.vinoslautaro.cl\/es\/news\/reconocimiento-exportador-destacado-la-region-del-maule-2017\/#primaryimage"},"thumbnailUrl":"https:\/\/www.vinoslautaro.cl\/es\/wp-content\/uploads\/2017\/09\/Foto-Enexpro-Pag-web.jpg","datePublished":"2017-09-08T15:36:51+00:00","author":{"@id":"https:\/\/www.vinoslautaro.cl\/es\/#\/schema\/person\/6f2f3f95da0120a8fb4837e5ae85a946"},"breadcrumb":{"@id":"https:\/\/www.vinoslautaro.cl\/es\/news\/reconocimiento-exportador-destacado-la-region-del-maule-2017\/#breadcrumb"},"inLanguage":"es","potentialAction":[{"@type":"ReadAction","target":["https:\/\/www.vinoslautaro.cl\/es\/news\/reconocimiento-exportador-destacado-la-region-del-maule-2017\/"]}]},{"@type":"ImageObject","inLanguage":"es","@id":"https:\/\/www.vinoslautaro.cl\/es\/news\/reconocimiento-exportador-destacado-la-region-del-maule-2017\/#primaryimage","url":"https:\/\/www.vinoslautaro.cl\/es\/wp-content\/uploads\/2017\/09\/Foto-Enexpro-Pag-web.jpg","contentUrl":"https:\/\/www.vinoslautaro.cl\/es\/wp-content\/uploads\/2017\/09\/Foto-Enexpro-Pag-web.jpg","width":1200,"height":600,"caption":"Lautaro ProChile Exexpro 2017 exportador destacado maule"},{"@type":"BreadcrumbList","@id":"https:\/\/www.vinoslautaro.cl\/es\/news\/reconocimiento-exportador-destacado-la-region-del-maule-2017\/#breadcrumb","itemListElement":[{"@type":"ListItem","position":1,"name":"Portada","item":"https:\/\/www.vinoslautaro.cl\/es\/"},{"@type":"ListItem","position":2,"name":"Reconocimiento como Exportador destacado de la regi\u00f3n del Maule el 2017"}]},{"@type":"WebSite","@id":"https:\/\/www.vinoslautaro.cl\/es\/#website","url":"https:\/\/www.vinoslautaro.cl\/es\/","name":"Lautaro Wines","description":"","potentialAction":[{"@type":"SearchAction","target":{"@type":"EntryPoint","urlTemplate":"https:\/\/www.vinoslautaro.cl\/es\/?s={search_term_string}"},"query-input":{"@type":"PropertyValueSpecification","valueRequired":true,"valueName":"search_term_string"}}],"inLanguage":"es"},{"@type":"Person","@id":"https:\/\/www.vinoslautaro.cl\/es\/#\/schema\/person\/6f2f3f95da0120a8fb4837e5ae85a946","name":"Lautaro Wines","url":"https:\/\/www.vinoslautaro.cl\/es\/author\/lwc-admin\/"}]}},"_links":{"self":[{"href":"https:\/\/www.vinoslautaro.cl\/es\/wp-json\/wp\/v2\/posts\/1009","targetHints":{"allow":["GET"]}}],"collection":[{"href":"https:\/\/www.vinoslautaro.cl\/es\/wp-json\/wp\/v2\/posts"}],"about":[{"href":"https:\/\/www.vinoslautaro.cl\/es\/wp-json\/wp\/v2\/types\/post"}],"author":[{"embeddable":true,"href":"https:\/\/www.vinoslautaro.cl\/es\/wp-json\/wp\/v2\/users\/1"}],"replies":[{"embeddable":true,"href":"https:\/\/www.vinoslautaro.cl\/es\/wp-json\/wp\/v2\/comments?post=1009"}],"version-history":[{"count":1,"href":"https:\/\/www.vinoslautaro.cl\/es\/wp-json\/wp\/v2\/posts\/1009\/revisions"}],"predecessor-version":[{"id":1011,"href":"https:\/\/www.vinoslautaro.cl\/es\/wp-json\/wp\/v2\/posts\/1009\/revisions\/1011"}],"wp:featuredmedia":[{"embeddable":true,"href":"https:\/\/www.vinoslautaro.cl\/es\/wp-json\/wp\/v2\/media\/1010"}],"wp:attachment":[{"href":"https:\/\/www.vinoslautaro.cl\/es\/wp-json\/wp\/v2\/media?parent=1009"}],"wp:term":[{"taxonomy":"category","embeddable":true,"href":"https:\/\/www.vinoslautaro.cl\/es\/wp-json\/wp\/v2\/categories?post=1009"},{"taxonomy":"post_tag","embeddable":true,"href":"https:\/\/www.vinoslautaro.cl\/es\/wp-json\/wp\/v2\/tags?post=1009"}],"curies":[{"name":"wp","href":"https:\/\/api.w.org\/{rel}","templated":true}]}}